{"id":6746,"date":"2026-05-02T11:48:49","date_gmt":"2026-05-02T11:48:49","guid":{"rendered":"http:\/\/memocscenter.univaq.it\/memocs\/?p=6746"},"modified":"2026-05-02T13:53:16","modified_gmt":"2026-05-02T13:53:16","slug":"organigramma-2","status":"publish","type":"post","link":"http:\/\/memocscenter.univaq.it\/memocs\/it\/uncategorized\/organigramma-2\/","title":{"rendered":"Organigramma"},"content":{"rendered":"<h5 class=\"collapseomatic sfondo\" id=\"id69f7380ab99ad\"  tabindex=\"0\" title=\"DIRETTORE\"    >DIRETTORE<\/h5><div id=\"target-id69f7380ab99ad\" class=\"collapseomatic_content \">\n<p>Per il quadriennio 2024-2028<\/p>\n<p><strong>Direttore: Prof. Ivan Giorgio<\/strong><br \/>\n<strong>Vice-Direttore: Prof. Francesco D&#8217;Annibale<\/strong><\/p>\n<p>Il Direttore rappresenta il Centro nei rapporti con le autorit\u00e0 accademiche e con l\u2019esterno, ed inoltre:<\/p>\n<p>\u2022 convoca e presiede il Comitato Scientifico ed il Consiglio;<\/p>\n<p>\u2022 provvede all\u2019esecuzione delle delibere degli Organi Collegiali del Centro;<\/p>\n<p>\u2022 \u00e8 soggetto alle norme di legge e di regolamento previste per i Direttori di Dipartimento dell\u2019Universit\u00e0;<\/p>\n<p>\u2022 provvede autonomamente alle spese fino all\u2019importo massimo previsto per i Direttori di Dipartimento dal regolamento contabile-amministrativo dell\u2019Universit\u00e0;<\/p>\n<p>\u2022 dispone quanto necessario all\u2019ordinario svolgimento delle attivit\u00e0 del Centro;<\/p>\n<p>\u2022 sovrintende all\u2019attivit\u00e0 del personale tecnico-amministrativo operante presso il Centro;<\/p>\n<p>\u2022 nomina tra i docenti e ricercatori interni all\u2019Universit\u00e0 un vicedirettore che lo sostituisce in caso di assenza o legittimo impedimento.<\/p>\n<p>Il Direttore \u00e8 nominato dal Rettore su designazione del Consiglio, che lo sceglie tra i professori di ruolo del Centro. Il Direttore dura in carica quattro anni e non pu\u00f2 ricoprire il mandato per pi\u00f9 di due volte consecutive.<\/p>\n<\/div>\n<h5 class=\"collapseomatic sfondo\" id=\"id69f7380ab99e0\"  tabindex=\"0\" title=\"COMITATO SCIENTIFICO\"    >COMITATO SCIENTIFICO<\/h5><div id=\"target-id69f7380ab99e0\" class=\"collapseomatic_content \">\n<p>Per il quadriennio 2024-2028 \u00e8 composto da:<\/p>\n<p>a) rappresentanti dei docenti e ricercatori del Centro:<br \/>\n&#8211; Emilio Barchiesi<br \/>\n&#8211; B. Emek Abali<br \/>\n&#8211; David Steigmann<br \/>\n&#8211; Victor Eremeyev<\/p>\n<p>b) esperti, italiani o stranieri di alta qualificazione e con specifica competenza nelle tematiche del Centro.<br \/>\n&#8211; Mario Pulvirenti<br \/>\n&#8211; Micol Amar<br \/>\n&#8211; Holm Altenbach<br \/>\n&#8211; Michele Brun<\/p>\n<p>Il Comitato Scientifico ha il compito di garantire la validit\u00e0 scientifica e culturale delle iniziative promosse dal Centro, coordinando i relativi programmi. In particolare:<\/p>\n<p>1. approva entro il termine di ogni anno solare, sulla base delle proposte avanzate dal Consiglio, a norma dell\u2019art. 8 dello Statuto del Centro, un piano di iniziative rientranti nelle finalit\u00e0 istituzionali del Centro, da attuarsi nel successivo anno solare;<\/p>\n<p>2. redige, entro il termine di ogni anno solare, una relazione sull\u2019attivit\u00e0 svolta dal Centro nell\u2019anno precedente, da trasmettere al Rettore;<\/p>\n<p>3. esprime pareri, vincolanti per il Consiglio, sul curriculum scientifico dei docenti e ricercatori in occasione delle richieste di adesione e sulle proposte di collaborazione internazionale come da art. 4 del Regolamento del Centro.<\/p>\n<\/div>\n<h5 class=\"collapseomatic sfondo\" id=\"id69f7380ab99fc\"  tabindex=\"0\" title=\"CONSIGLIO\"    >CONSIGLIO<\/h5><div id=\"target-id69f7380ab99fc\" class=\"collapseomatic_content \">\n<p>Il Consiglio del Centro \u00e8 composto da:<\/p>\n<p>\u2022 il Direttore del Centro, che lo presiede;<br \/>\n\u2022 tutti i professori e ricercatori afferenti al Centro;<br \/>\n\u2022 un rappresentante eletto dal personale tecnico-amministrativo operante presso il Centro;<br \/>\n\u2022 il Responsabile Amministrativo (anche se ad interim) del Centro, che funge da verbalizzante.<\/p>\n<p>I membri elettivi restano in carica quattro anni accademici, senza limiti al numero di mandati consecutivi espletabili dai membri di cui ai punti b), c) e d).<\/p>\n<p>Il Consiglio del Centro collabora con il Direttore nell\u2019assicurare il funzionamento del Centro, in particolare:<\/p>\n<p>\u2022 decide in merito all\u2019adesione dei dipartimenti dell\u2019Universit\u00e0 successivamente all\u2019istituzione del Centro, secondo il comma 1 dell\u2019art. 4 del Regolamento del Centro, nonch\u00e9 in merito all\u2019adesione dei singoli docenti e ricercatori che intendono aderire secondo i commi 1, 3 e 5 dell\u2019art. 4 del Regolamento;<br \/>\n\u2022 propone agli organi accademici competenti la stipula di contratti o convenzioni con enti pubblici o privati, italiani o stranieri secondo i commi 3 e 4 dell\u2019art. 4 del Regolamento;<br \/>\n\u2022 delibera in merito alle spese superiori all\u2019importo massimo di competenza del direttore;<br \/>\n\u2022 formula annualmente le richieste di finanziamento e di assegnazione del personale tecnico-amministrativo;<br \/>\n\u2022 approva annualmente il bilancio preventivo e consuntivo del Centro, nel rispetto delle scadenze stabilite per gli analoghi adempimenti dei Dipartimenti dell\u2019Universit\u00e0;<br \/>\n\u2022 sottopone entro il 30 giugno di ogni anno all\u2019approvazione del Comitato Scientifico un piano organico di iniziative, coerenti con le finalit\u00e0 istituzionali del Centro, da attuarsi nel successivo anno solare;<br \/>\n\u2022 delibera in merito a tutte le questioni concernenti il funzionamento del Centro che il direttore sottopone alla sua valutazione.<\/p>\n<\/div>\n<h5 class=\"collapseomatic sfondo\" id=\"id69f7380ab9a15\"  tabindex=\"0\" title=\"GIUNTA ESECUTIVA\"    >GIUNTA ESECUTIVA<\/h5><div id=\"target-id69f7380ab9a15\" class=\"collapseomatic_content \">\n<p>Per il quadriennio 2024-2028 \u00e8 composta da:<\/p>\n<p>&#8211; Francesco D&#8217;Annibale<br \/>\n&#8211; Raffaele Esposito<br \/>\n&#8211; Francesco dell&#8217;Isola<br \/>\n&#8211; Luca Placidi<\/p>\n<p>La giunta:<\/p>\n<p>\u2022 deliberer\u00e0 su ogni argomento riguardante i rapporti del centro M&amp;MoCS con le amministrazioni locali italiane, fondazioni ed enti privati che stanno sostenendo il centro M&amp;MoCS. Inoltre il Comitato esecutivo<\/p>\n<p>\u2022 avr\u00e0 poteri deliberativi per quanto riguarda i rapporti con gli altri organi accademici dell\u2019Universit\u00e0 dell\u2019Aquila e altre istituzioni di ricerca italiane e decreter\u00e0 le decisioni votate dai comitati deliberativi<\/p>\n<p>\u2022 proporr\u00e0 agli Organi Accademici competenti dell\u2019Universit\u00e0 dell\u2019Aquila la conclusione di contratti o convenzioni con aziende private o pubbliche italiane secondo i paragrafi 3 e 4 dell\u2019Art. 4 dello Statuto<\/p>\n<p>\u2022 presenter\u00e0 ogni anno le richieste per il finanziamento e l\u2019assegnazione del Personale Tecnico Amministrativo<\/p>\n<p>\u2022 approver\u00e0 annualmente il Budget e il Bilancio del Centro, in base alle date di scadenza stabilite per simili esigenze dai dipartimenti dell\u2019Universit\u00e0 e in base alle deliberazioni dei comitati deliberativi<\/p>\n<\/div>\n<h5 class=\"collapseomatic sfondo\" id=\"id69f7380ab9a41\"  tabindex=\"0\" title=\"COMITATI DELIBERATIVI\"    >COMITATI DELIBERATIVI<\/h5><div id=\"target-id69f7380ab9a41\" class=\"collapseomatic_content \">\n<p>Considerando anche l\u2019esigenza naturale di un maggiore coinvolgimento dei Consiglieri nelle attivit\u00e0 del Centro, la Giunta Esecutiva agir\u00e0 con il supporto aggiuntivo di quattro comitati deliberativi complementari, che vengono creati dal Consiglio.<\/p>\n<p><strong>Primo Comitato Deliberativo \u201cControllo e Rappresentazione\u201d<\/strong><\/p>\n<p><strong>Coordinatore<\/strong>: Emilio Barchiesi<br \/>\n<strong>Ulteriori membri del quorum<\/strong>: Emek Abali, Michele Brun, Anil Misra, Reuven Segev, David Steigmann, e Armine Ulukhanyan.<\/p>\n<p>Il primo comitato deliberativo \u201cControllo e Rappresentazione\u201d:<br \/>\ni) deliberer\u00e0 su ogni proposta ricevuta da ogni consigliere, trasmetter\u00e0 la deliberazione approvata al Giunta Esecutiva per<br \/>\nl\u2019approvazione definitiva, in base allo statuto;<br \/>\nii) deliberer\u00e0 circa la appartenenza di scienziati e ricercatori al Centro, dopo l\u2019istituzione del relativo fascicolo da parte del coordinatore;<br \/>\niii) deliberer\u00e0 circa le spese che superano l\u2019importo massimo consentito al direttore;<\/p>\n<p><strong>Secondo Comitato Deliberativo \u201cCollaborazioni Internazionali\u201d<\/strong><\/p>\n<p><strong>Coordinatori<\/strong>: Yves Remond e Giuseppe Rosi<br \/>\n<strong>Ulteriori membri del quorum<\/strong>: Alessandro Ciallella, Boris Lossouarn, Boris Desmorat, Mikhail Nikabadze, Erkan Oterkus, Simon Rafael Eugster, Niiranen Jarkko, Erden Yildizdag e Rachele Allena.<\/p>\n<p>Il secondo comitato deliberativo \u201cCollaborazioni Internazionali\u201d:<br \/>\ni) deliberer\u00e0 in merito all\u2019organizzazione di Conferenze, settimane di ricerca e scuole estive;<br \/>\nii) sar\u00e0 competente per i rapporti con le Universit\u00e0 non italiane e istituti di ricerca;<br \/>\niii) deliberer\u00e0 circa i rapporti con il CNRS francese per ogni argomento relativo alla gestione dello International Research Project<br \/>\nIRP e del Laboratorio Internazionale LIA Coss&amp;Vita;<\/p>\n<p><strong>Terzo Comitato Deliberativo \u201cCollaborazioni industriali e sostegno finanziario\u201d<\/strong><\/p>\n<p><strong>Coordinatori<\/strong>: Daniel George e Emilio Turco<br \/>\n<strong>Ulteriori membri del quorum<\/strong>: Emilio Barchiesi, Marcello Di Risio, Ewa Bednarczyk, Yves Remond e Serge Dos Santos.<\/p>\n<p>Il terzo comitato deliberativo \u201cCollaborazioni industriali e sostegno finanziario\u201d:<br \/>\ni)proporr\u00e0 agli Organi Accademici competenti la conclusione di contratti o convenzioni con Enti pubblici o privati esteri (non italiani) in base ai commi 3 e 4 del Art. 4, dello statuto (vedi sotto);<br \/>\nii) sar\u00e0 competente per i rapporti con le istituzioni finanziarie europee ed extra-europee;<br \/>\niii) deliberer\u00e0 circa la creazione di comitati per la selezione di premi e borsisti competitivi;<br \/>\niv) presenter\u00e0 entro il 30 giugno di ogni anno un piano globale di iniziative per l\u2019approvazione da parte del Comitato Scientifico, in linea con le finalit\u00e0 istituzionali del Centro, da attuare nel successivo anno solare;<br \/>\nv) deliberer\u00e0 circa la costituzione di relazioni scientifiche o di ricerca e sviluppo con qualsiasi societ\u00e0 privata o istituzioni pubbliche; in particolare, si prender\u00e0 cura della creazione di legami con entit\u00e0 giuridiche coinvolte nella biomeccanica, bioingegneria e<br \/>\ningegneria applicata alla medicina, interazione fluida solida o effetti delle onde sulle strutture.<\/p>\n<p><strong>Quarto Comitato Deliberativo \u201cGestione della rivista MeMoCS\u201d<\/strong><\/p>\n<p><strong>Coordinatori<\/strong>: Martin Ostoja-Starzewski e Emilio Barchiesi<br \/>\n<strong>Ulteriori membri del quorum<\/strong>: Anil Misra, Victor Eremeyev, Micol Amar, Michele Brun e Federica Ongaro.<\/p>\n<p>Il quarto comitato deliberativo \u201cGestione della rivista MeMoCS\u201d:<br \/>\ni) con il consenso della Redazione di Garanzia, sceglier\u00e0 tra gli articoli accettati quelli pubblicati con il supporto<br \/>\nfinanziario del MeMoCS;<br \/>\nii) agir\u00e0 per promuovere la Rivista ampliandone diffusione e l\u2019authorship; iii) promuover\u00e0 donazioni e sottoscrizioni per aumentare la dotazione finanziaria della Rivista.<\/p>\n<\/div>","protected":false},"excerpt":{"rendered":"","protected":false},"author":1,"featured_media":0,"comment_status":"closed","ping_status":"closed","sticky":false,"template":"","format":"standard","meta":[],"categories":[4,1],"tags":[],"yoast_head":"<!-- This site is optimized with the Yoast SEO plugin v20.5 - https:\/\/yoast.com\/wordpress\/plugins\/seo\/ -->\n<title>Organigramma - M&amp;MoCS<\/title>\n<meta name=\"robots\" content=\"index, follow, max-snippet:-1, max-image-preview:large, max-video-preview:-1\" \/>\n<link rel=\"canonical\" href=\"http:\/\/memocscenter.univaq.it\/memocs\/uncategorized\/organigramma-2\/\" \/>\n<meta property=\"og:locale\" content=\"it_IT\" \/>\n<meta property=\"og:type\" content=\"article\" \/>\n<meta property=\"og:title\" content=\"Organigramma - M&amp;MoCS\" \/>\n<meta property=\"og:url\" content=\"http:\/\/memocscenter.univaq.it\/memocs\/uncategorized\/organigramma-2\/\" \/>\n<meta property=\"og:site_name\" content=\"M&amp;MoCS\" \/>\n<meta property=\"article:published_time\" content=\"2026-05-02T11:48:49+00:00\" \/>\n<meta property=\"article:modified_time\" content=\"2026-05-02T13:53:16+00:00\" \/>\n<meta name=\"author\" content=\"admin\" \/>\n<meta name=\"twitter:card\" content=\"summary_large_image\" \/>\n<meta name=\"twitter:label1\" content=\"Scritto da\" \/>\n\t<meta name=\"twitter:data1\" content=\"admin\" \/>\n\t<meta name=\"twitter:label2\" content=\"Tempo di lettura stimato\" \/>\n\t<meta name=\"twitter:data2\" content=\"7 minuti\" \/>\n<script type=\"application\/ld+json\" class=\"yoast-schema-graph\">{\"@context\":\"https:\/\/schema.org\",\"@graph\":[{\"@type\":\"WebPage\",\"@id\":\"http:\/\/memocscenter.univaq.it\/memocs\/uncategorized\/organigramma-2\/\",\"url\":\"http:\/\/memocscenter.univaq.it\/memocs\/uncategorized\/organigramma-2\/\",\"name\":\"Organigramma - M&amp;MoCS\",\"isPartOf\":{\"@id\":\"http:\/\/memocscenter.univaq.it\/memocs\/it\/#website\"},\"datePublished\":\"2026-05-02T11:48:49+00:00\",\"dateModified\":\"2026-05-02T13:53:16+00:00\",\"author\":{\"@id\":\"http:\/\/memocscenter.univaq.it\/memocs\/it\/#\/schema\/person\/0416808e64acfade7da22d24c7b351ce\"},\"breadcrumb\":{\"@id\":\"http:\/\/memocscenter.univaq.it\/memocs\/uncategorized\/organigramma-2\/#breadcrumb\"},\"inLanguage\":\"it-IT\",\"potentialAction\":[{\"@type\":\"ReadAction\",\"target\":[\"http:\/\/memocscenter.univaq.it\/memocs\/uncategorized\/organigramma-2\/\"]}]},{\"@type\":\"BreadcrumbList\",\"@id\":\"http:\/\/memocscenter.univaq.it\/memocs\/uncategorized\/organigramma-2\/#breadcrumb\",\"itemListElement\":[{\"@type\":\"ListItem\",\"position\":1,\"name\":\"Home\",\"item\":\"http:\/\/memocscenter.univaq.it\/memocs\/\"},{\"@type\":\"ListItem\",\"position\":2,\"name\":\"Organigramma\"}]},{\"@type\":\"WebSite\",\"@id\":\"http:\/\/memocscenter.univaq.it\/memocs\/it\/#website\",\"url\":\"http:\/\/memocscenter.univaq.it\/memocs\/it\/\",\"name\":\"M&amp;MoCS\",\"description\":\"International Research Center on Mathematics and Mechanics of Complex Systems\",\"potentialAction\":[{\"@type\":\"SearchAction\",\"target\":{\"@type\":\"EntryPoint\",\"urlTemplate\":\"http:\/\/memocscenter.univaq.it\/memocs\/it\/?s={search_term_string}\"},\"query-input\":\"required name=search_term_string\"}],\"inLanguage\":\"it-IT\"},{\"@type\":\"Person\",\"@id\":\"http:\/\/memocscenter.univaq.it\/memocs\/it\/#\/schema\/person\/0416808e64acfade7da22d24c7b351ce\",\"name\":\"admin\",\"image\":{\"@type\":\"ImageObject\",\"inLanguage\":\"it-IT\",\"@id\":\"http:\/\/memocscenter.univaq.it\/memocs\/it\/#\/schema\/person\/image\/\",\"url\":\"http:\/\/2.gravatar.com\/avatar\/2b3f09e4c131a6af1254a42bb13bfd1e?s=96&d=mm&r=g\",\"contentUrl\":\"http:\/\/2.gravatar.com\/avatar\/2b3f09e4c131a6af1254a42bb13bfd1e?s=96&d=mm&r=g\",\"caption\":\"admin\"},\"url\":\"http:\/\/memocscenter.univaq.it\/memocs\/it\/author\/admin\/\"}]}<\/script>\n<!-- \/ Yoast SEO plugin. -->","yoast_head_json":{"title":"Organigramma - M&amp;MoCS","robots":{"index":"index","follow":"follow","max-snippet":"max-snippet:-1","max-image-preview":"max-image-preview:large","max-video-preview":"max-video-preview:-1"},"canonical":"http:\/\/memocscenter.univaq.it\/memocs\/uncategorized\/organigramma-2\/","og_locale":"it_IT","og_type":"article","og_title":"Organigramma - M&amp;MoCS","og_url":"http:\/\/memocscenter.univaq.it\/memocs\/uncategorized\/organigramma-2\/","og_site_name":"M&amp;MoCS","article_published_time":"2026-05-02T11:48:49+00:00","article_modified_time":"2026-05-02T13:53:16+00:00","author":"admin","twitter_card":"summary_large_image","twitter_misc":{"Scritto da":"admin","Tempo di lettura stimato":"7 minuti"},"schema":{"@context":"https:\/\/schema.org","@graph":[{"@type":"WebPage","@id":"http:\/\/memocscenter.univaq.it\/memocs\/uncategorized\/organigramma-2\/","url":"http:\/\/memocscenter.univaq.it\/memocs\/uncategorized\/organigramma-2\/","name":"Organigramma - M&amp;MoCS","isPartOf":{"@id":"http:\/\/memocscenter.univaq.it\/memocs\/it\/#website"},"datePublished":"2026-05-02T11:48:49+00:00","dateModified":"2026-05-02T13:53:16+00:00","author":{"@id":"http:\/\/memocscenter.univaq.it\/memocs\/it\/#\/schema\/person\/0416808e64acfade7da22d24c7b351ce"},"breadcrumb":{"@id":"http:\/\/memocscenter.univaq.it\/memocs\/uncategorized\/organigramma-2\/#breadcrumb"},"inLanguage":"it-IT","potentialAction":[{"@type":"ReadAction","target":["http:\/\/memocscenter.univaq.it\/memocs\/uncategorized\/organigramma-2\/"]}]},{"@type":"BreadcrumbList","@id":"http:\/\/memocscenter.univaq.it\/memocs\/uncategorized\/organigramma-2\/#breadcrumb","itemListElement":[{"@type":"ListItem","position":1,"name":"Home","item":"http:\/\/memocscenter.univaq.it\/memocs\/"},{"@type":"ListItem","position":2,"name":"Organigramma"}]},{"@type":"WebSite","@id":"http:\/\/memocscenter.univaq.it\/memocs\/it\/#website","url":"http:\/\/memocscenter.univaq.it\/memocs\/it\/","name":"M&amp;MoCS","description":"International Research Center on Mathematics and Mechanics of Complex Systems","potentialAction":[{"@type":"SearchAction","target":{"@type":"EntryPoint","urlTemplate":"http:\/\/memocscenter.univaq.it\/memocs\/it\/?s={search_term_string}"},"query-input":"required name=search_term_string"}],"inLanguage":"it-IT"},{"@type":"Person","@id":"http:\/\/memocscenter.univaq.it\/memocs\/it\/#\/schema\/person\/0416808e64acfade7da22d24c7b351ce","name":"admin","image":{"@type":"ImageObject","inLanguage":"it-IT","@id":"http:\/\/memocscenter.univaq.it\/memocs\/it\/#\/schema\/person\/image\/","url":"http:\/\/2.gravatar.com\/avatar\/2b3f09e4c131a6af1254a42bb13bfd1e?s=96&d=mm&r=g","contentUrl":"http:\/\/2.gravatar.com\/avatar\/2b3f09e4c131a6af1254a42bb13bfd1e?s=96&d=mm&r=g","caption":"admin"},"url":"http:\/\/memocscenter.univaq.it\/memocs\/it\/author\/admin\/"}]}},"_links":{"self":[{"href":"http:\/\/memocscenter.univaq.it\/memocs\/it\/wp-json\/wp\/v2\/posts\/6746"}],"collection":[{"href":"http:\/\/memocscenter.univaq.it\/memocs\/it\/wp-json\/wp\/v2\/posts"}],"about":[{"href":"http:\/\/memocscenter.univaq.it\/memocs\/it\/wp-json\/wp\/v2\/types\/post"}],"author":[{"embeddable":true,"href":"http:\/\/memocscenter.univaq.it\/memocs\/it\/wp-json\/wp\/v2\/users\/1"}],"replies":[{"embeddable":true,"href":"http:\/\/memocscenter.univaq.it\/memocs\/it\/wp-json\/wp\/v2\/comments?post=6746"}],"version-history":[{"count":14,"href":"http:\/\/memocscenter.univaq.it\/memocs\/it\/wp-json\/wp\/v2\/posts\/6746\/revisions"}],"predecessor-version":[{"id":6765,"href":"http:\/\/memocscenter.univaq.it\/memocs\/it\/wp-json\/wp\/v2\/posts\/6746\/revisions\/6765"}],"wp:attachment":[{"href":"http:\/\/memocscenter.univaq.it\/memocs\/it\/wp-json\/wp\/v2\/media?parent=6746"}],"wp:term":[{"taxonomy":"category","embeddable":true,"href":"http:\/\/memocscenter.univaq.it\/memocs\/it\/wp-json\/wp\/v2\/categories?post=6746"},{"taxonomy":"post_tag","embeddable":true,"href":"http:\/\/memocscenter.univaq.it\/memocs\/it\/wp-json\/wp\/v2\/tags?post=6746"}],"curies":[{"name":"wp","href":"https:\/\/api.w.org\/{rel}","templated":true}]}}